{"id":111,"date":"2017-02-20T09:26:29","date_gmt":"2017-02-20T08:26:29","guid":{"rendered":"http:\/\/land.jusosbamberg.de\/?p=111"},"modified":"2017-02-20T09:26:29","modified_gmt":"2017-02-20T08:26:29","slug":"nachberichterstattung-bezirkskonferenz","status":"publish","type":"post","link":"https:\/\/land.jusosbamberg.de\/?p=111","title":{"rendered":"Nachberichterstattung Bezirkskonferenz"},"content":{"rendered":"<p>\t\t\t\t<img decoding=\"async\" class=\"alignnone size-medium wp-image-112\" src=\"https:\/\/baland.jusosbamberg.de\/wp-content\/uploads\/2017\/02\/Freundschaft.jpg\" alt=\"\" width=\"100%\" srcset=\"https:\/\/land.jusosbamberg.de\/wp-content\/uploads\/2017\/02\/Freundschaft.jpg 2048w, https:\/\/land.jusosbamberg.de\/wp-content\/uploads\/2017\/02\/Freundschaft-300x225.jpg 300w, https:\/\/land.jusosbamberg.de\/wp-content\/uploads\/2017\/02\/Freundschaft-768x576.jpg 768w, https:\/\/land.jusosbamberg.de\/wp-content\/uploads\/2017\/02\/Freundschaft-1024x768.jpg 1024w, https:\/\/land.jusosbamberg.de\/wp-content\/uploads\/2017\/02\/Freundschaft-830x623.jpg 830w, https:\/\/land.jusosbamberg.de\/wp-content\/uploads\/2017\/02\/Freundschaft-230x173.jpg 230w, https:\/\/land.jusosbamberg.de\/wp-content\/uploads\/2017\/02\/Freundschaft-350x263.jpg 350w, https:\/\/land.jusosbamberg.de\/wp-content\/uploads\/2017\/02\/Freundschaft-480x360.jpg 480w\" sizes=\"(max-width: 2048px) 100vw, 2048px\" \/><\/p>\n<p>Antrags- und Wahlmarathon das war die Bezirkskonferenz in Neuenmarkt.<\/p>\n<p>Klaus Adelt, J\u00f6rg N\u00fcrnberger, F\u00fcnf Deligiertenwahlg\u00e4nge, Vorstandswahlen, jede Menge Antr\u00e4ge und nat\u00fcrlich Dampfloks, so l\u00e4sst sich die Fahrt zur Beko zusammenfassen. Der Juso Unterbezirk Bamberg- Forchheim war mit insgesamt 9 Deligierten und 2 G\u00e4sten stark vertreten.<\/p>\n<p>Am Samstag den 18.02.2017 (manch Forchheimer w\u00fcrde behaupten, vermutlich mitten in der Nacht) brachen drei wackere Jungsozialist*innen aus dem Landkreis Bamberg auf zur Bezirkskonferenz am Rand fr\u00e4bkisch Sibiriens. Genauer gesagt nach Neuenmarkt ins Eisenbahnbetriebswerk. Weit vor den Jusos Bamberg-Stadt und Forchheim, erreichten die Jusos Bamberg-Land Neuenmarkt. Wohl weil sie sich aus Dampflokvorfreude kaum halten und bereits \u201eknapp nach Sonnenaufgang\u201c Neuenmarkt erreicht mussten. Damit bildete der UB Bamberg-Forchheim die st\u00e4rkste Delegation und gl\u00e4nzte mit nordkoreanischer Anwesentheitsquote.<\/p>\n<p>Nach der Rede von Klaus Adelt, der von der Lokalit\u00e4t sichtlich angetan war, zur Lebensmitteltransparenz, folgte die Besprechung des Leitantrages. Nach dem Motto \u201eWeil wir\u2019s wissen wollen\u201c (was drin ist) wurde eine recht tiefgreifende Diskussion zu Lebensmitteltransparenz gef\u00fchrt. Insgesamt kam die Mehrheit der Antr\u00e4ge vom UB Bamberg-Forchheim, wenn auch, bedingt durch das lange Bestehen der Gruppe in Bamberg-Stadt, \u00fcberwiegend von den Jusos Bamberg-Stadt, selbstverst\u00e4ndlich wollen wir in Forchheim das in Zukunft \u00e4ndern.<\/p>\n<p>Die wichtigste Antr\u00e4ge waren u.a. ein solidarischer Rundfrunkbeitrag, eine Reformierung des Umweltlabels f\u00fcr PKW, ein echter Politikwechsel, Vermeidung von SIgnalger\u00e4uschen in Rundfunkwerbung und \u201eKeine Abschiebungen nach Afghanistan\u201c.<\/p>\n<p>Mit einer Museumsf\u00fchrung in der Mittagspause, wurde die Berratung der Antr\u00e4ge unterbrochen. Eine willkommene Abwechslung in der Konferenz. So erfuhren die Jusos Oberfranken mehr \u00fcber die Funktionsweise von Dampflokomotiven und hatten die Gelegenheit verschiedene Lokomotiven, meist in der Zeit um die Jahrhundertwende bis etwa 1950 gebaut, in Augenschein zu nehmen. Daneben den Kanzlerwaggon, der einst f\u00fcr Hitler gebaut, auch Konrad Adenauer, Willy Brandt und Helmut Schmidt transportierte. Besonders wichtig war der St\u00fctzpunkt in Neuenmarkt, da hier die schiefe Ebene knapp 150 Meter H\u00f6henunterschied auf 8 Kilometern \u00fcberwindet und das Hochland rund um Hof mit der Schiene\u00a0erschloss, um 1850 ein absolutes technisches Wagniss.<\/p>\n<p>Abgelehnt wurde lediglich ein Antrag, n\u00e4mlich zur Sektioncontroll (Abschnittsweise Geschwindigkeits\u00fcberwachung im Stra\u00dfenverkehr) aus Datenschutzgr\u00fcnden, da die Erfassung von Kennzeichen sich als bedenklich herausstellen w\u00fcrde. Die Ablehnung folgte nach einer starken Rede von Joscha Berger, der zwar mehr verkehrskontrollen bef\u00fcrwortete, aber eine sehr fundierte Begr\u00fcndung zur Ablehnung von Sectioncontroll lieferte.<\/p>\n<p>Bei den anschlie\u00dfenden Vorstandswahlen wurde Sophia Fischer (Hof\/Hochfranken) zur Nachfolgerin von Sebastian Fischer gew\u00e4hlt. Ihre Stellvertreter*innen werden Stefanie Gr\u00f6ger (Coburg-Kronach) und Claas Meyer (UB Bamberg Forchheim) sein. Beisitzer*innen f\u00fcr Bamberg Forchheim werden Bettina Drummer und Vitus Mayr sein.<\/p>\n<p>Die anschlie\u00dfenden Deligiertenwahlen entwickelten sich auf Grund mehrer Gleichst\u00e4nde zu einer langwierigen Angelegenheit. Aus dem UB Bamberg-Forchheim wurden Claas Meyer, Raymond Beuschel, Julia Schippers und Vitus Mayr gew\u00e4hlt. Bettina Drummer und Jan Nostheide verpassten als Vertreter von Forchheim und Bamberg-Land die Wahl zu Deligierten leider knapp.<\/p>\n<p>Anschlie\u00dfend wurde Sebastian Fischer nach 15 Jahren Jusozeit verabschiedet, damit d\u00fcrfte er einer der wenigen Vertreter sein, die die letzte Juso-Gruppierung in Forchheim erlebt haben. Nat\u00fcrlich durfte die ein oder andere Anekdote nicht fehlen und am Schluss wurde die Verabschiedung durch langj\u00e4hrige Weggef\u00e4hrt*innen emotional, alles in allem ein sch\u00f6ner, interessanter, aber teilweise recht langatmiger Ausflug an den Rand von Frankens K\u00e4ltepol.\t\t<\/p>\n","protected":false},"excerpt":{"rendered":"<p>Antrags- und Wahlmarathon das war die Bezirkskonferenz in Neuenmarkt. Klaus Adelt, J\u00f6rg N\u00fcrnberger, F\u00fcnf Deligiertenwahlg\u00e4nge, Vorstandswahlen, jede Menge Antr\u00e4ge und nat\u00fcrlich Dampfloks, so l\u00e4sst sich die Fahrt zur Beko zusammenfassen. Der Juso Unterbezirk Bamberg- Forchheim war mit insgesamt 9 Deligierten und 2 G\u00e4sten stark vertreten. Am Samstag den 18.02.2017 (manch Forchheimer w\u00fcrde behaupten, vermutlich mitten in der Nacht) brachen drei wackere Jungsozialist*innen aus dem Landkreis Bamberg auf zur Bezirkskonferenz am Rand fr\u00e4bkisch Sibiriens. Genauer gesagt nach Neuenmarkt ins Eisenbahnbetriebswerk. Weit vor den Jusos Bamberg-Stadt und Forchheim, erreichten die Jusos Bamberg-Land Neuenmarkt. Wohl weil sie sich aus Dampflokvorfreude kaum halten und bereits \u201eknapp nach Sonnenaufgang\u201c Neuenmarkt erreicht mussten. Damit bildete der UB Bamberg-Forchheim die st\u00e4rkste Delegation und gl\u00e4nzte mit nordkoreanischer Anwesentheitsquote. Nach der Rede von Klaus Adelt, der von der Lokalit\u00e4t sichtlich angetan war, zur Lebensmitteltransparenz, folgte die Besprechung des Leitantrages. Nach dem Motto \u201eWeil wir\u2019s wissen wollen\u201c (was drin ist) wurde eine recht tiefgreifende Diskussion zu Lebensmitteltransparenz gef\u00fchrt. Insgesamt kam die Mehrheit der Antr\u00e4ge vom UB Bamberg-Forchheim, wenn auch, bedingt durch das lange Bestehen der Gruppe in Bamberg-Stadt, \u00fcberwiegend von den Jusos Bamberg-Stadt, selbstverst\u00e4ndlich wollen wir in Forchheim das in Zukunft \u00e4ndern. Die wichtigste Antr\u00e4ge waren u.a. ein solidarischer Rundfrunkbeitrag, [&hellip;]<\/p>\n","protected":false},"author":1,"featured_media":112,"comment_status":"open","ping_status":"open","sticky":false,"template":"","format":"standard","meta":{"_themeisle_gutenberg_block_has_review":false},"categories":[1],"tags":[],"jetpack_sharing_enabled":true,"jetpack_featured_media_url":"https:\/\/land.jusosbamberg.de\/wp-content\/uploads\/2017\/02\/Freundschaft.jpg","_links":{"self":[{"href":"https:\/\/land.jusosbamberg.de\/index.php?rest_route=\/wp\/v2\/posts\/111"}],"collection":[{"href":"https:\/\/land.jusosbamberg.de\/index.php?rest_route=\/wp\/v2\/posts"}],"about":[{"href":"https:\/\/land.jusosbamberg.de\/index.php?rest_route=\/wp\/v2\/types\/post"}],"author":[{"embeddable":true,"href":"https:\/\/land.jusosbamberg.de\/index.php?rest_route=\/wp\/v2\/users\/1"}],"replies":[{"embeddable":true,"href":"https:\/\/land.jusosbamberg.de\/index.php?rest_route=%2Fwp%2Fv2%2Fcomments&post=111"}],"version-history":[{"count":0,"href":"https:\/\/land.jusosbamberg.de\/index.php?rest_route=\/wp\/v2\/posts\/111\/revisions"}],"wp:featuredmedia":[{"embeddable":true,"href":"https:\/\/land.jusosbamberg.de\/index.php?rest_route=\/wp\/v2\/media\/112"}],"wp:attachment":[{"href":"https:\/\/land.jusosbamberg.de\/index.php?rest_route=%2Fwp%2Fv2%2Fmedia&parent=111"}],"wp:term":[{"taxonomy":"category","embeddable":true,"href":"https:\/\/land.jusosbamberg.de\/index.php?rest_route=%2Fwp%2Fv2%2Fcategories&post=111"},{"taxonomy":"post_tag","embeddable":true,"href":"https:\/\/land.jusosbamberg.de\/index.php?rest_route=%2Fwp%2Fv2%2Ftags&post=111"}],"curies":[{"name":"wp","href":"https:\/\/api.w.org\/{rel}","templated":true}]}}