{"id":83,"date":"2015-06-07T23:22:38","date_gmt":"2015-06-07T21:22:38","guid":{"rendered":"http:\/\/land.jusosbamberg.de\/?p=83"},"modified":"2015-06-07T23:22:38","modified_gmt":"2015-06-07T21:22:38","slug":"jusos-bamberg-beim-antirassistischen-fussballturnier","status":"publish","type":"post","link":"https:\/\/land.jusosbamberg.de\/?p=83","title":{"rendered":"Jusos Bamberg beim antirassistischen Fu\u00dfballturnier"},"content":{"rendered":"<div class=\"n module-type-textWithImage diyfeLiveArea\">\n<div id=\"textWithImage-5801836981\" class=\"clearover \">\n<p><img fetchpriority=\"high\" decoding=\"async\" class=\"alignnone wp-image-84\" src=\"https:\/\/baland.jusosbamberg.de\/wp-content\/uploads\/2016\/11\/jusos-gut-verkleinert-1-300x260.jpg\" alt=\"jusos-Turnier15-verkleinert-1\" width=\"335\" height=\"291\" srcset=\"https:\/\/land.jusosbamberg.de\/wp-content\/uploads\/2016\/11\/jusos-gut-verkleinert-1-300x260.jpg 300w, https:\/\/land.jusosbamberg.de\/wp-content\/uploads\/2016\/11\/jusos-gut-verkleinert-1-768x665.jpg 768w, https:\/\/land.jusosbamberg.de\/wp-content\/uploads\/2016\/11\/jusos-gut-verkleinert-1-1024x886.jpg 1024w, https:\/\/land.jusosbamberg.de\/wp-content\/uploads\/2016\/11\/jusos-gut-verkleinert-1-830x718.jpg 830w, https:\/\/land.jusosbamberg.de\/wp-content\/uploads\/2016\/11\/jusos-gut-verkleinert-1-230x199.jpg 230w, https:\/\/land.jusosbamberg.de\/wp-content\/uploads\/2016\/11\/jusos-gut-verkleinert-1-350x303.jpg 350w, https:\/\/land.jusosbamberg.de\/wp-content\/uploads\/2016\/11\/jusos-gut-verkleinert-1-480x415.jpg 480w, https:\/\/land.jusosbamberg.de\/wp-content\/uploads\/2016\/11\/jusos-gut-verkleinert-1.jpg 1248w\" sizes=\"(max-width: 335px) 100vw, 335px\" \/><\/p>\n<p>Am Sonntag, den 7. Juni trat eine Mannschaft aus Mitgliedern der Jusos Hochschulgruppe und der Jusos Hirschaid unter dem Namen \u201eRoter Stern Bamberg\u201c beim antirassistischen Fu\u00dfballturnier der Uni Bamberg an. Das Turnier fand im Rahmen des Festival contre le racisme statt.<\/p>\n<p>Nachdem\u00a0 die zum ersten Mal zusammenspielende Truppe in den ersten beiden Gruppenspielen deutliche Niederlagen hinnehmen musste (0:4 , 0:3), konnte man sich in den verbleibenden Spielen enorm steigern. Dennoch musste man sich knapp den Mannschaften aus Kronach (2:3) und Coburg (0:1) geschlagen geben, die beide \u00fcber exzellente Torh\u00fcter verf\u00fcgten.<\/p>\n<p>Aufgrund der besseren Tordifferenz konnte die Mannschaft jedoch am Spiel um den 5. Platz teilnehmen, wo man lange Zeit gegen die Mannschaft aus Kronach mit 2:1 f\u00fchrte, jedoch kurz vor Schluss den 2:2-Ausgleich kassierte.<\/p>\n<p>Im folgenden Elfmeterschie\u00dfen musste man sich dann mit 3:5 geschlagen geben, womit man den 6. Platz belegte.<\/p>\n<p>F\u00fcr Roter Stern Bamberg trafen im Turnier: Raymond, Ozan, Christian und Dennis (je 1 Tor)<\/p>\n<p>Trotz dessen, dass es f\u00fcr keinen Platz auf dem Podium gereicht hat, ist das Turnier als\u00a0ein voller Erfolg zu werten, da man dem Rassismus die rote Karte gezeigt und gemeinsam sehr fair miteinander gespielt hat.<\/p>\n<\/div>\n<\/div>\n<div class=\"n module-type-hr diyfeLiveArea\"><\/div>\n","protected":false},"excerpt":{"rendered":"<p>Am Sonntag, den 7. Juni trat eine Mannschaft aus Mitgliedern der Jusos Hochschulgruppe und der Jusos Hirschaid unter dem Namen \u201eRoter Stern Bamberg\u201c beim antirassistischen Fu\u00dfballturnier der Uni Bamberg an. Das Turnier fand im Rahmen des Festival contre le racisme statt. Nachdem\u00a0 die zum ersten Mal zusammenspielende Truppe in den ersten beiden Gruppenspielen deutliche Niederlagen hinnehmen musste (0:4 , 0:3), konnte man sich in den verbleibenden Spielen enorm steigern. Dennoch musste man sich knapp den Mannschaften aus Kronach (2:3) und Coburg (0:1) geschlagen geben, die beide \u00fcber exzellente Torh\u00fcter verf\u00fcgten. Aufgrund der besseren Tordifferenz konnte die Mannschaft jedoch am Spiel um den 5. Platz teilnehmen, wo man lange Zeit gegen die Mannschaft aus Kronach mit 2:1 f\u00fchrte, jedoch kurz vor Schluss den 2:2-Ausgleich kassierte. Im folgenden Elfmeterschie\u00dfen musste man sich dann mit 3:5 geschlagen geben, womit man den 6. Platz belegte. F\u00fcr Roter Stern Bamberg trafen im Turnier: Raymond, Ozan, Christian und Dennis (je 1 Tor) Trotz dessen, dass es f\u00fcr keinen Platz auf dem Podium gereicht hat, ist das Turnier als\u00a0ein voller Erfolg zu werten, da man dem Rassismus die rote Karte gezeigt und gemeinsam sehr fair miteinander gespielt hat.<\/p>\n","protected":false},"author":2,"featured_media":84,"comment_status":"open","ping_status":"open","sticky":false,"template":"","format":"standard","meta":{"_themeisle_gutenberg_block_has_review":false},"categories":[1,2],"tags":[4,9,11,13],"jetpack_sharing_enabled":true,"jetpack_featured_media_url":"https:\/\/land.jusosbamberg.de\/wp-content\/uploads\/2016\/11\/jusos-gut-verkleinert-1.jpg","_links":{"self":[{"href":"https:\/\/land.jusosbamberg.de\/index.php?rest_route=\/wp\/v2\/posts\/83"}],"collection":[{"href":"https:\/\/land.jusosbamberg.de\/index.php?rest_route=\/wp\/v2\/posts"}],"about":[{"href":"https:\/\/land.jusosbamberg.de\/index.php?rest_route=\/wp\/v2\/types\/post"}],"author":[{"embeddable":true,"href":"https:\/\/land.jusosbamberg.de\/index.php?rest_route=\/wp\/v2\/users\/2"}],"replies":[{"embeddable":true,"href":"https:\/\/land.jusosbamberg.de\/index.php?rest_route=%2Fwp%2Fv2%2Fcomments&post=83"}],"version-history":[{"count":0,"href":"https:\/\/land.jusosbamberg.de\/index.php?rest_route=\/wp\/v2\/posts\/83\/revisions"}],"wp:featuredmedia":[{"embeddable":true,"href":"https:\/\/land.jusosbamberg.de\/index.php?rest_route=\/wp\/v2\/media\/84"}],"wp:attachment":[{"href":"https:\/\/land.jusosbamberg.de\/index.php?rest_route=%2Fwp%2Fv2%2Fmedia&parent=83"}],"wp:term":[{"taxonomy":"category","embeddable":true,"href":"https:\/\/land.jusosbamberg.de\/index.php?rest_route=%2Fwp%2Fv2%2Fcategories&post=83"},{"taxonomy":"post_tag","embeddable":true,"href":"https:\/\/land.jusosbamberg.de\/index.php?rest_route=%2Fwp%2Fv2%2Ftags&post=83"}],"curies":[{"name":"wp","href":"https:\/\/api.w.org\/{rel}","templated":true}]}}